[{"@context":"https:\/\/schema.org\/","@type":"Article","@id":"https:\/\/www.asope.cz\/v-ceskych-budejovicich-v-roce-2024-posiluje-ano\/#Article","mainEntityOfPage":"https:\/\/www.asope.cz\/v-ceskych-budejovicich-v-roce-2024-posiluje-ano\/","headline":"V \u010cesk\u00fdch Bud\u011bjovic\u00edch v roce 2024 posiluje ANO","name":"V \u010cesk\u00fdch Bud\u011bjovic\u00edch v roce 2024 posiluje ANO","description":"Jestli\u017ee si vyslechnete n\u011bkter\u00e9 p\u0159\u00edsp\u011bvky Tomia Okamury na ofici\u00e1ln\u00edm webu SPD, kter\u00e9 jsou zve\u0159ejn\u011bny ji\u017e kr\u00e1tce po n\u00e1stupu k moci sou\u010dasn\u00e9 vl\u00e1dn\u00ed garnitury Spolu, dozv\u00edte se tu zdrcuj\u00edc\u00ed kritiku na v\u011bt\u0161inu vl\u00e1dn\u00edch opat\u0159en\u00ed tohoto kabinetu. A\u0165 u\u017e je pan Okamura zve\u0159ej\u0148uje v jak\u00e9koli form\u011b, jsou bohu\u017eel pravdiv\u00e9, a je zde jasn\u011b z\u0159ejm\u00e9, \u017ee se jedn\u00e1 [&hellip;]","datePublished":"2024-05-17","dateModified":"2024-06-17","author":{"@type":"Person","@id":"https:\/\/www.asope.cz\/author\/#Person","name":"","url":"https:\/\/www.asope.cz\/author\/","identifier":1,"image":{"@type":"ImageObject","@id":"https:\/\/secure.gravatar.com\/avatar\/a4970dd685f2b259fc1a5b9420420b9fa541cc58646305fbe02c59d28f86fdcb?s=96&d=mm&r=g","url":"https:\/\/secure.gravatar.com\/avatar\/a4970dd685f2b259fc1a5b9420420b9fa541cc58646305fbe02c59d28f86fdcb?s=96&d=mm&r=g","height":96,"width":96}},"publisher":{"@type":"Organization","name":"asope.cz","logo":{"@type":"ImageObject","@id":"\/logo.png","url":"\/logo.png","width":600,"height":60}},"image":{"@type":"ImageObject","@id":"https:\/\/www.asope.cz\/wp-content\/uploads\/old-town-square-6526892_640_2.jpg","url":"https:\/\/www.asope.cz\/wp-content\/uploads\/old-town-square-6526892_640_2.jpg","height":0,"width":0},"url":"https:\/\/www.asope.cz\/v-ceskych-budejovicich-v-roce-2024-posiluje-ano\/","about":["Firmy"],"wordCount":424,"articleBody":"   Jestli\u017ee si vyslechnete n\u011bkter\u00e9 p\u0159\u00edsp\u011bvky Tomia Okamury na ofici\u00e1ln\u00edm webu SPD, kter\u00e9 jsou zve\u0159ejn\u011bny ji\u017e kr\u00e1tce po n\u00e1stupu k moci sou\u010dasn\u00e9 vl\u00e1dn\u00ed garnitury Spolu, dozv\u00edte se tu zdrcuj\u00edc\u00ed kritiku na v\u011bt\u0161inu vl\u00e1dn\u00edch opat\u0159en\u00ed tohoto kabinetu. A\u0165 u\u017e je pan Okamura zve\u0159ej\u0148uje v jak\u00e9koli form\u011b, jsou bohu\u017eel pravdiv\u00e9, a je zde jasn\u011b z\u0159ejm\u00e9, \u017ee se jedn\u00e1 o celou \u0159adu chybn\u00fdch rozhodnut\u00ed \u00famysln\u00fdch \u010di ne\u00famysln\u00fdch. Toto ale nen\u00ed pouze jednostrann\u011b zam\u011b\u0159en\u00fd pohled jedin\u00e9 politick\u00e9 strany, kter\u00e1 je oponentem v\u016f\u010di vl\u00e1dn\u00ed koalici, v posledn\u00ed dob\u011b, v polovin\u011b roku 2024, nar\u016fst\u00e1 obrovsk\u00e1 nespokojenost drtiv\u00e9 v\u011bt\u0161iny n\u00e1roda s t\u00edm, co se odehr\u00e1v\u00e1 ve Vl\u00e1d\u011b a v Parlamentu, ostatn\u011b projevilo se to u\u017e ve volb\u00e1ch do Evropsk\u00e9ho parlamentu, kter\u00e9 letos zaznamenaly rekordn\u00ed voli\u010dskou \u00fa\u010dast. V\u011bt\u0161ina voli\u010d\u016f vystavila vl\u00e1dn\u00ed koalici stopku a dala jasn\u011b najevo, \u017ee u\u017e toho maj\u00ed dost.Potvrzuje to i sv\u00e9r\u00e1zn\u00fd n\u00e1zev nov\u011b vznikl\u00fdch koali\u010dn\u00edch partner\u016f \u201eSta\u010dilo\u201c. Sou\u010dasn\u011b s t\u00edm zaznamen\u00e1v\u00e1 v\u011bt\u0161\u00ed volebn\u00ed preference strana ANO, a to v cel\u00e9 republice. ANO posiluje i v Bud\u011bjovic\u00edch Penzion u Rudolfa, a nen\u00ed divu, nebo\u0165 se jedn\u00e1 o jednu z nejkr\u00e1sn\u011bj\u0161\u00edch oblast\u00ed v republice, a lidem z\u00e1le\u017e\u00ed na tom, aby na\u0161e zem\u011b vzkv\u00e9tala a abychom si ubr\u00e1nili n\u00e1rodn\u00ed bohatstv\u00ed. Lid\u00e9 u\u017e zkr\u00e1tka maj\u00ed pln\u00e9 zuby zmaru a destrukce a cht\u011bj\u00ed zm\u011bnu.Samotn\u00e1 politika to samoz\u0159ejm\u011b komplexn\u011b nevy\u0159e\u0161\u00ed, pozitivn\u00ed zm\u011bnu mus\u00ed prov\u00e9st hlavn\u011b ka\u017ed\u00fd s\u00e1m za sebe, ale rozhodn\u011b bychom nem\u011bli j\u00edt d\u00e1l cestou, kterou se ub\u00edr\u00e1 sou\u010dasn\u00e1 vl\u00e1da. Jestli\u017ee i vy m\u00e1te r\u00e1di Ji\u017en\u00ed \u010cechy a l\u00edb\u00ed se v\u00e1m tamn\u00ed krajina, vyu\u017eijte vhodn\u00e9ho ubytov\u00e1n\u00ed na \u010ceskobud\u011bjovicku a dop\u0159ejte si tentokr\u00e1t dovolenou v tuzemsku. Tamn\u00ed prost\u0159ed\u00ed m\u00e1 co nab\u00eddnout ka\u017ed\u00e9mu, a\u0165 u\u017e se jedn\u00e1 o milovn\u00edky cykloturistiky, p\u011b\u0161\u00ed turistiky, p\u0159\u00edrodn\u00edho koup\u00e1n\u00ed a vodn\u00edch sport\u016f, vyhl\u00eddkov\u00fdch let\u016f, vod\u00e1ctv\u00ed, panoramatick\u00fdch fotografi\u00ed a mnoha dal\u0161\u00edch \u010dinnost\u00ed, kter\u00e9 tu m\u016f\u017eete provozovat na \u0160umav\u011b, na Lipn\u011b, v okol\u00ed Vltavy, v Blansk\u00e9m lese, na T\u0159ebo\u0148sku, v Novohradsk\u00fdch hor\u00e1ch i v \u010ceskobud\u011bjovick\u00e9 p\u00e1nvi.                                                                                                                                                                                                                                                                                                                                                                                          4.7\/5 - (6 votes)        "},{"@context":"https:\/\/schema.org\/","@type":"BreadcrumbList","itemListElement":[{"@type":"ListItem","position":1,"name":"V \u010cesk\u00fdch Bud\u011bjovic\u00edch v roce 2024 posiluje ANO","item":"https:\/\/www.asope.cz\/v-ceskych-budejovicich-v-roce-2024-posiluje-ano\/#breadcrumbitem"}]}]